{"id":1513,"date":"2007-01-31T01:49:53","date_gmt":"2007-01-31T00:49:53","guid":{"rendered":"http:\/\/www.firstbreeze.com\/TI-Privatordner\/Blogs\/Hausbau\/Archive\/2007\/01\/es-wird-weiter-abgemahnt"},"modified":"2008-08-15T14:48:13","modified_gmt":"2008-08-15T13:48:13","slug":"es-wird-weiter-abgemahnt","status":"publish","type":"post","link":"https:\/\/www.firstbreeze.com\/TI-Privatordner\/Blogs\/Hausbau\/Archive\/2007\/01\/es-wird-weiter-abgemahnt","title":{"rendered":"Es wird weiter abgemahnt&#8230;"},"content":{"rendered":"<p>Die Sache ist bizarr, sie wird jedoch noch viel bizarrer: Der Fotograf der Kochbuchseite, die mich vor einigen Wochen <a href=\"https:\/\/www.firstbreeze.com\/TI-Privatordner\/Blogs\/Hausbau\/Archive\/2006\/12\/froehliche-weihnachts-abmahnung\" target=\"_blank\">abgemahnt hat<\/a>, hat auch andere Seiten abgemahnt. Soweit ist die Geschichte bekannt.<\/p>\n<p>In der Zwischenzeit ist er dazu \u00fcber gegangen, nicht mehr nur die Seiten abzumahnen, die seine Bilder einsetzen, jetzt l\u00e4sst er auch Blogs abmahnen, in denen Kommentare rund um die Br\u00f6tchen-Aff\u00e4re geschrieben wurden, die ihm allem Anschein nach nicht gefallen.<\/p>\n<p>Maingold hat es nun schon zum zweiten mal erwischt (<a href=\"http:\/\/www.maingold.com\/2007\/01\/15\/abmahnung-durch-folkert-knieper-von-marions-kochbuch\/\" target=\"_blank\">1<\/a>|<a href=\"http:\/\/www.maingold.com\/2007\/01\/29\/2-abmahnung-durch-anwalt-von-folkert-knieper\/\">2<\/a>). Die Auswirkungen sind unglaublich: In den meisten Blogs, die \u00fcber Kochbuchabmahnungen diskutieren, werden nun Namen gexxxxt. Freie Meinunxxx\u00e4u\u00dferung, sozusagen.<\/p>\n<p>Meiner Meinung nach (&lt; &#8211;auch so eine Auswirkung dieser Abmahnwelle) ist das krank. Da geht einer aggressiv (wenn auch vermutlich zurecht) gegen die Verwendung seiner Bilder vor und schie\u00dft weiter, nachdem sich die \u00d6ffentlichkeit damit beginnt, \u00fcber ihn zu diskutieren. In meinen Augen k\u00f6nnte das auch bedeuten: Da kann jemand die Konsequenzen seines Handelns nicht ertragen, nachdem er andere mit den Konsequenzen ihres Handelns konfrontiert hat.<\/p>\n<p>Die neuerliche Abmahnrunde geht bereits wieder als Aufschrei durch die Bloggosph\u00e4re. Via: <a href=\"http:\/\/alleswasbewegt.de\/index.php\/2007\/01\/29\/maingold-schon-wieder-abgemahnt\/\" target=\"_blank\">alleswasbewegt | <\/a><a href=\"http:\/\/www.xsized.de\/mir-fehlen-die-worte\/\" target=\"_blank\">XSBlog<\/a> | <a href=\"http:\/\/abmahnung.koh-phangan.de\/?p=21\" target=\"_blank\">koh-phangan.de<\/a> | <a href=\"http:\/\/viertelberliner.de\/wordpress\/?p=225\" target=\"_blank\">viertelberliner<\/a> | <a href=\"http:\/\/www.jovelstefan.de\/2007\/01\/30\/meinungsfreiheit-scheiss-drauf\/\" target=\"_blank\">jovelblog<\/a> | und viele, viele mehr&#8230;<br \/>\nHinter den Kulissen formiert sich derweil Widerstand.<\/p>\n","protected":false},"excerpt":{"rendered":"<p>Die Sache ist bizarr, sie wird jedoch noch viel bizarrer: Der Fotograf der Kochbuchseite, die mich vor einigen Wochen abgemahnt hat, hat auch andere Seiten abgemahnt. Soweit ist die Geschichte bekannt. In der Zwischenzeit ist er dazu \u00fcber gegangen, nicht mehr nur die Seiten abzumahnen, die seine Bilder einsetzen, jetzt l\u00e4sst er auch Blogs abmahnen, &hellip; <\/p>\n<p class=\"link-more\"><a href=\"https:\/\/www.firstbreeze.com\/TI-Privatordner\/Blogs\/Hausbau\/Archive\/2007\/01\/es-wird-weiter-abgemahnt\" class=\"more-link\"><span class=\"screen-reader-text\">\u201eEs wird weiter abgemahnt&#8230;\u201c <\/span>weiterlesen<\/a><\/p>\n","protected":false},"author":2,"featured_media":0,"comment_status":"open","ping_status":"open","sticky":false,"template":"","format":"standard","meta":{"footnotes":""},"categories":[86],"tags":[1447,2178,677,2179,1092,1919,2180],"class_list":["post-1513","post","type-post","status-publish","format-standard","hentry","category-bloggospare","tag-abmahnung","tag-abmahnwelle","tag-bloggosphaere","tag-broetchen","tag-hausbau-blog","tag-kochbuch","tag-meinungsaeusserung"],"_links":{"self":[{"href":"https:\/\/www.firstbreeze.com\/TI-Privatordner\/Blogs\/Hausbau\/wp-json\/wp\/v2\/posts\/1513","targetHints":{"allow":["GET"]}}],"collection":[{"href":"https:\/\/www.firstbreeze.com\/TI-Privatordner\/Blogs\/Hausbau\/wp-json\/wp\/v2\/posts"}],"about":[{"href":"https:\/\/www.firstbreeze.com\/TI-Privatordner\/Blogs\/Hausbau\/wp-json\/wp\/v2\/types\/post"}],"author":[{"embeddable":true,"href":"https:\/\/www.firstbreeze.com\/TI-Privatordner\/Blogs\/Hausbau\/wp-json\/wp\/v2\/users\/2"}],"replies":[{"embeddable":true,"href":"https:\/\/www.firstbreeze.com\/TI-Privatordner\/Blogs\/Hausbau\/wp-json\/wp\/v2\/comments?post=1513"}],"version-history":[{"count":2,"href":"https:\/\/www.firstbreeze.com\/TI-Privatordner\/Blogs\/Hausbau\/wp-json\/wp\/v2\/posts\/1513\/revisions"}],"predecessor-version":[{"id":1901,"href":"https:\/\/www.firstbreeze.com\/TI-Privatordner\/Blogs\/Hausbau\/wp-json\/wp\/v2\/posts\/1513\/revisions\/1901"}],"wp:attachment":[{"href":"https:\/\/www.firstbreeze.com\/TI-Privatordner\/Blogs\/Hausbau\/wp-json\/wp\/v2\/media?parent=1513"}],"wp:term":[{"taxonomy":"category","embeddable":true,"href":"https:\/\/www.firstbreeze.com\/TI-Privatordner\/Blogs\/Hausbau\/wp-json\/wp\/v2\/categories?post=1513"},{"taxonomy":"post_tag","embeddable":true,"href":"https:\/\/www.firstbreeze.com\/TI-Privatordner\/Blogs\/Hausbau\/wp-json\/wp\/v2\/tags?post=1513"}],"curies":[{"name":"wp","href":"https:\/\/api.w.org\/{rel}","templated":true}]}}